{"id":6,"date":"2024-01-14T14:26:14","date_gmt":"2024-01-14T13:26:14","guid":{"rendered":"http:\/\/bainsdenergies.fr\/?p=6"},"modified":"2024-03-20T16:16:00","modified_gmt":"2024-03-20T15:16:00","slug":"projet","status":"publish","type":"post","link":"https:\/\/bainsdenergies.fr\/index.php\/2024\/01\/14\/projet\/","title":{"rendered":"Le solaire"},"content":{"rendered":"\n<h2 class=\"wp-block-heading\">Le projet Bains d\u2019\u00c9nergies en d\u00e9tail<\/h2>\n\n\n\n<p>\u00c0 La V\u00f4ge-les-Bains, une des quatre villes thermales des Vosges, on utilise l\u2019eau pour produire de l\u2019\u00e9nergie depuis toujours. La SCIC SAS Bains d\u2019\u00c9nergies a eu l\u2019id\u00e9e d\u2019utiliser \u00e9galement, en attendant la remise en route des turbines hydro\u00e9lectriques, l\u2019\u00e9nergie du soleil. 525 m\u00b2 de panneaux solaires ont \u00e9t\u00e9 install\u00e9s en valorisant par ailleurs la toiture d\u2019anciens b\u00e2timents industriels. Ces 312 panneaux ont \u00e9t\u00e9 fabriqu\u00e9s par un fabricant alsacien, Voltec. Fonctionner en circuit court gr\u00e2ce aux ressources locales, voil\u00e0 notre philosophie !<\/p>\n\n\n\n<p>Ce premier projet, en fonctionnement depuis 2022, sera prochainement compl\u00e9t\u00e9 par une nouvelle installation solaire ; cette fois l&rsquo;\u00e9lectricit\u00e9 produite ne sera pas revendue en totalit\u00e9 \u00e0 EDF, mais autoconsomm\u00e9e collectivement par les habitants de la V\u00f4ge-les-Bains et alentours qui seront s\u00e9duits par la perspective de consommer une \u00e9nergie verte, locale et moins ch\u00e8re !<\/p>\n\n\n\n<h3 class=\"wp-block-heading\">F\u00e9d\u00e9rer autour d\u2019un r\u00e9seau local motiv\u00e9 par les \u00e9nergies renouvelables<\/h3>\n\n\n\n<p>Le projet trouve son origine dans les ann\u00e9es 2010. Un particulier, chef d&rsquo;entreprise sp\u00e9cialis\u00e9 dans les \u00e9nergies renouvelables, ach\u00e8te un terrain de 20 hectares en bord de rivi\u00e8re. Sur ce terrain, les anciens b\u00e2timents industriels d\u2019une tr\u00e9filerie (fabrication de fil de fer) et d\u2019une clouterie s\u2019\u00e9tendent sur 3 km de long. L\u2019acqu\u00e9reur \u00e9tait int\u00e9ress\u00e9 depuis longtemps par la production d\u2019hydro\u00e9lectricit\u00e9. Sur place, un des moulins poss\u00e8de un droit d\u2019eau datant du XIVe si\u00e8cle !<\/p>\n\n\n\n<p>En s\u2019associant \u00e0 un collectif de citoyens, il constitue au fil des r\u00e9unions un petit groupe motiv\u00e9 pour reprendre en main le site et valoriser les b\u00e2timents industriels. Pour l\u2019anecdote, le pari de la valorisation est d\u00e9j\u00e0 initi\u00e9 puisque le site a servi au tournage du film&nbsp;<em>Indig\u00e8nes,&nbsp;<\/em>lors des sc\u00e8nes qui se d\u00e9roulent dans les villages alsaciens.<\/p>\n","protected":false},"excerpt":{"rendered":"<p>Le projet Bains d\u2019\u00c9nergies en d\u00e9tail \u00c0 La V\u00f4ge-les-Bains, une des quatre villes thermales des Vosges, on utilise l\u2019eau pour produire de l\u2019\u00e9nergie depuis toujours. La SCIC SAS Bains d\u2019\u00c9nergies a eu l\u2019id\u00e9e d\u2019utiliser \u00e9galement, en attendant la remise en route des turbines hydro\u00e9lectriques, l\u2019\u00e9nergie du soleil. 525 m\u00b2 de panneaux solaires ont \u00e9t\u00e9 install\u00e9s [&hellip;]<\/p>\n","protected":false},"author":1,"featured_media":1437,"comment_status":"closed","ping_status":"closed","sticky":false,"template":"","format":"standard","meta":{"footnotes":""},"categories":[4],"tags":[],"class_list":["post-6","post","type-post","status-publish","format-standard","has-post-thumbnail","hentry","category-energie"],"blocksy_meta":{"disable_author_box":"yes","disable_posts_navigation":"yes","disable_header":"no","styles_descriptor":{"styles":{"desktop":"","tablet":"","mobile":""},"google_fonts":[],"version":6}},"featured_image_urls":{"full":["https:\/\/bainsdenergies.fr\/wp-content\/uploads\/2024\/01\/Solaire-ensemble.png",2104,1028,false],"thumbnail":["https:\/\/bainsdenergies.fr\/wp-content\/uploads\/2024\/01\/Solaire-ensemble-150x150.png",150,150,true],"medium":["https:\/\/bainsdenergies.fr\/wp-content\/uploads\/2024\/01\/Solaire-ensemble-300x147.png",300,147,true],"medium_large":["https:\/\/bainsdenergies.fr\/wp-content\/uploads\/2024\/01\/Solaire-ensemble-768x375.png",768,375,true],"large":["https:\/\/bainsdenergies.fr\/wp-content\/uploads\/2024\/01\/Solaire-ensemble-1024x500.png",1024,500,true],"1536x1536":["https:\/\/bainsdenergies.fr\/wp-content\/uploads\/2024\/01\/Solaire-ensemble-1536x750.png",1536,750,true],"2048x2048":["https:\/\/bainsdenergies.fr\/wp-content\/uploads\/2024\/01\/Solaire-ensemble-2048x1001.png",2048,1001,true]},"post_excerpt_stackable":"<p>Le projet Bains d\u2019\u00c9nergies en d\u00e9tail \u00c0 La V\u00f4ge-les-Bains, une des quatre villes thermales des Vosges, on utilise l\u2019eau pour produire de l\u2019\u00e9nergie depuis toujours. La SCIC SAS Bains d\u2019\u00c9nergies a eu l\u2019id\u00e9e d\u2019utiliser \u00e9galement, en attendant la remise en route des turbines hydro\u00e9lectriques, l\u2019\u00e9nergie du soleil. 525 m\u00b2 de panneaux solaires ont \u00e9t\u00e9 install\u00e9s en valorisant par ailleurs la toiture d\u2019anciens b\u00e2timents industriels. Ces 312 panneaux ont \u00e9t\u00e9 fabriqu\u00e9s par un fabricant alsacien, Voltec. Fonctionner en circuit court gr\u00e2ce aux ressources locales, voil\u00e0 notre philosophie ! Ce premier projet, en fonctionnement depuis 2022, sera prochainement compl\u00e9t\u00e9 par une nouvelle\u2026<\/p>\n","category_list":"<a href=\"https:\/\/bainsdenergies.fr\/index.php\/category\/energie\/\" rel=\"category tag\">\u00c9nergie<\/a>","author_info":{"name":"admin2024","url":"https:\/\/bainsdenergies.fr\/index.php\/author\/admin2024\/"},"comments_num":"0 commentaire","_links":{"self":[{"href":"https:\/\/bainsdenergies.fr\/index.php\/wp-json\/wp\/v2\/posts\/6","targetHints":{"allow":["GET"]}}],"collection":[{"href":"https:\/\/bainsdenergies.fr\/index.php\/wp-json\/wp\/v2\/posts"}],"about":[{"href":"https:\/\/bainsdenergies.fr\/index.php\/wp-json\/wp\/v2\/types\/post"}],"author":[{"embeddable":true,"href":"https:\/\/bainsdenergies.fr\/index.php\/wp-json\/wp\/v2\/users\/1"}],"replies":[{"embeddable":true,"href":"https:\/\/bainsdenergies.fr\/index.php\/wp-json\/wp\/v2\/comments?post=6"}],"version-history":[{"count":6,"href":"https:\/\/bainsdenergies.fr\/index.php\/wp-json\/wp\/v2\/posts\/6\/revisions"}],"predecessor-version":[{"id":1434,"href":"https:\/\/bainsdenergies.fr\/index.php\/wp-json\/wp\/v2\/posts\/6\/revisions\/1434"}],"wp:featuredmedia":[{"embeddable":true,"href":"https:\/\/bainsdenergies.fr\/index.php\/wp-json\/wp\/v2\/media\/1437"}],"wp:attachment":[{"href":"https:\/\/bainsdenergies.fr\/index.php\/wp-json\/wp\/v2\/media?parent=6"}],"wp:term":[{"taxonomy":"category","embeddable":true,"href":"https:\/\/bainsdenergies.fr\/index.php\/wp-json\/wp\/v2\/categories?post=6"},{"taxonomy":"post_tag","embeddable":true,"href":"https:\/\/bainsdenergies.fr\/index.php\/wp-json\/wp\/v2\/tags?post=6"}],"curies":[{"name":"wp","href":"https:\/\/api.w.org\/{rel}","templated":true}]}}