{"id":1927,"date":"2025-12-06T14:39:25","date_gmt":"2025-12-06T13:39:25","guid":{"rendered":"https:\/\/bainsdenergies.fr\/?p=1927"},"modified":"2025-12-06T14:39:25","modified_gmt":"2025-12-06T13:39:25","slug":"journees-travaux-2026","status":"publish","type":"post","link":"https:\/\/bainsdenergies.fr\/index.php\/2025\/12\/06\/journees-travaux-2026\/","title":{"rendered":"Journ\u00e9es travaux 2026"},"content":{"rendered":"\n<p>Dimanche 25\/01 &#8211; dimanche 15\/02 &#8211; samedi 7\/03 &#8211; dimanche 24 mai &#8211; samedi 13 juin &#8211;<\/p>\n\n\n\n<p>Vous pouvez d\u00e8s \u00e0 pr\u00e9sent noter ces dates dans votre agenda !<\/p>\n\n\n\n<p>En plus de tous les jeudis (\u00e0 partir de 9 h) et des dates ci-dessus, beaucoup d&rsquo;\u00e9v\u00e9nements sont programm\u00e9s : <\/p>\n\n\n\n<ul class=\"wp-block-list\">\n<li>25 janvier  \u00e0 11 h 30 : assembl\u00e9e g\u00e9n\u00e9rale de l&rsquo;association Au Fil du Bagnerot<\/li>\n\n\n\n<li>\u00e0 partir du mois de mars, c\u00e9l\u00e9bration du vingti\u00e8me anniversaire du tournage du film <em>Indig\u00e8nes<\/em> (programme d\u00e9taill\u00e9 \u00e0 venir)<\/li>\n\n\n\n<li>11 avril : assembl\u00e9e g\u00e9n\u00e9rale de Bains d&rsquo;\u00c9nergies<\/li>\n\n\n\n<li>21 avril : soir\u00e9e cr\u00eapes, cidre et musique<\/li>\n\n\n\n<li>31 mai : bourse aux plantes, tissage de ronces vivantes, permis s\u00e9cateur<\/li>\n<\/ul>\n\n\n\n<p>N&rsquo;h\u00e9sitez pas \u00e0 nous rejoindre ! <\/p>\n\n\n\n<p>Tout le monde peut participer, \u00e0 l&rsquo;int\u00e9rieur ou \u00e0 l&rsquo;ext\u00e9rieur, de l&rsquo;entretien des vergers \u00e0 la construction de la kerterre, il y a toujours quelque chose \u00e0 faire.<\/p>\n","protected":false},"excerpt":{"rendered":"<p>Dimanche 25\/01 &#8211; dimanche 15\/02 &#8211; samedi 7\/03 &#8211; dimanche 24 mai &#8211; samedi 13 juin &#8211; Vous pouvez d\u00e8s \u00e0 pr\u00e9sent noter ces dates dans votre agenda ! En plus de tous les jeudis (\u00e0 partir de 9 h) et des dates ci-dessus, beaucoup d&rsquo;\u00e9v\u00e9nements sont programm\u00e9s : N&rsquo;h\u00e9sitez pas \u00e0 nous rejoindre ! [&hellip;]<\/p>\n","protected":false},"author":1,"featured_media":1928,"comment_status":"open","ping_status":"open","sticky":false,"template":"","format":"standard","meta":{"footnotes":""},"categories":[1],"tags":[],"class_list":["post-1927","post","type-post","status-publish","format-standard","has-post-thumbnail","hentry","category-non-classe"],"blocksy_meta":[],"featured_image_urls":{"full":["https:\/\/bainsdenergies.fr\/wp-content\/uploads\/2025\/12\/IMG_0190-scaled.jpeg",1920,2560,false],"thumbnail":["https:\/\/bainsdenergies.fr\/wp-content\/uploads\/2025\/12\/IMG_0190-150x150.jpeg",150,150,true],"medium":["https:\/\/bainsdenergies.fr\/wp-content\/uploads\/2025\/12\/IMG_0190-225x300.jpeg",225,300,true],"medium_large":["https:\/\/bainsdenergies.fr\/wp-content\/uploads\/2025\/12\/IMG_0190-768x1024.jpeg",768,1024,true],"large":["https:\/\/bainsdenergies.fr\/wp-content\/uploads\/2025\/12\/IMG_0190-768x1024.jpeg",768,1024,true],"1536x1536":["https:\/\/bainsdenergies.fr\/wp-content\/uploads\/2025\/12\/IMG_0190-1152x1536.jpeg",1152,1536,true],"2048x2048":["https:\/\/bainsdenergies.fr\/wp-content\/uploads\/2025\/12\/IMG_0190-1536x2048.jpeg",1536,2048,true]},"post_excerpt_stackable":"<p>Dimanche 25\/01 &#8211; dimanche 15\/02 &#8211; samedi 7\/03 &#8211; dimanche 24 mai &#8211; samedi 13 juin &#8211; Vous pouvez d\u00e8s \u00e0 pr\u00e9sent noter ces dates dans votre agenda ! En plus de tous les jeudis (\u00e0 partir de 9 h) et des dates ci-dessus, beaucoup d&rsquo;\u00e9v\u00e9nements sont programm\u00e9s : 25 janvier \u00e0 11 h 30 : assembl\u00e9e g\u00e9n\u00e9rale de l&rsquo;association Au Fil du Bagnerot \u00e0 partir du mois de mars, c\u00e9l\u00e9bration du vingti\u00e8me anniversaire du tournage du film Indig\u00e8nes (programme d\u00e9taill\u00e9 \u00e0 venir) 11 avril : assembl\u00e9e g\u00e9n\u00e9rale de Bains d&rsquo;\u00c9nergies 21 avril : soir\u00e9e cr\u00eapes, cidre et musique 31\u2026<\/p>\n","category_list":"<a href=\"https:\/\/bainsdenergies.fr\/index.php\/category\/non-classe\/\" rel=\"category tag\">Non class\u00e9<\/a>","author_info":{"name":"admin2024","url":"https:\/\/bainsdenergies.fr\/index.php\/author\/admin2024\/"},"comments_num":"0 commentaire","_links":{"self":[{"href":"https:\/\/bainsdenergies.fr\/index.php\/wp-json\/wp\/v2\/posts\/1927","targetHints":{"allow":["GET"]}}],"collection":[{"href":"https:\/\/bainsdenergies.fr\/index.php\/wp-json\/wp\/v2\/posts"}],"about":[{"href":"https:\/\/bainsdenergies.fr\/index.php\/wp-json\/wp\/v2\/types\/post"}],"author":[{"embeddable":true,"href":"https:\/\/bainsdenergies.fr\/index.php\/wp-json\/wp\/v2\/users\/1"}],"replies":[{"embeddable":true,"href":"https:\/\/bainsdenergies.fr\/index.php\/wp-json\/wp\/v2\/comments?post=1927"}],"version-history":[{"count":1,"href":"https:\/\/bainsdenergies.fr\/index.php\/wp-json\/wp\/v2\/posts\/1927\/revisions"}],"predecessor-version":[{"id":1929,"href":"https:\/\/bainsdenergies.fr\/index.php\/wp-json\/wp\/v2\/posts\/1927\/revisions\/1929"}],"wp:featuredmedia":[{"embeddable":true,"href":"https:\/\/bainsdenergies.fr\/index.php\/wp-json\/wp\/v2\/media\/1928"}],"wp:attachment":[{"href":"https:\/\/bainsdenergies.fr\/index.php\/wp-json\/wp\/v2\/media?parent=1927"}],"wp:term":[{"taxonomy":"category","embeddable":true,"href":"https:\/\/bainsdenergies.fr\/index.php\/wp-json\/wp\/v2\/categories?post=1927"},{"taxonomy":"post_tag","embeddable":true,"href":"https:\/\/bainsdenergies.fr\/index.php\/wp-json\/wp\/v2\/tags?post=1927"}],"curies":[{"name":"wp","href":"https:\/\/api.w.org\/{rel}","templated":true}]}}