{"id":1923,"date":"2025-10-14T14:29:18","date_gmt":"2025-10-14T12:29:18","guid":{"rendered":"http:\/\/bainsdenergies.fr\/?p=1923"},"modified":"2025-10-14T14:29:18","modified_gmt":"2025-10-14T12:29:18","slug":"ou-en-est-la-kerterre","status":"publish","type":"post","link":"https:\/\/bainsdenergies.fr\/index.php\/2025\/10\/14\/ou-en-est-la-kerterre\/","title":{"rendered":"O\u00f9 en est la kerterre ?"},"content":{"rendered":"\n<p>Elle a bien avanc\u00e9 ! Venez voir vous-m\u00eames dimanche 19 octobre.<\/p>\n\n\n\n<p>Vous pourrez aussi oeuvrer sur le pavage du lavoir, la dalle de l&rsquo;abri \u00e0 v\u00e9lo ou l&rsquo;entretien du verger&#8230;<\/p>\n\n\n\n<p>Repas partag\u00e9 au soleil !<\/p>\n","protected":false},"excerpt":{"rendered":"<p>Elle a bien avanc\u00e9 ! Venez voir vous-m\u00eames dimanche 19 octobre. Vous pourrez aussi oeuvrer sur le pavage du lavoir, la dalle de l&rsquo;abri \u00e0 v\u00e9lo ou l&rsquo;entretien du verger&#8230; Repas partag\u00e9 au soleil !<\/p>\n","protected":false},"author":1,"featured_media":1924,"comment_status":"open","ping_status":"open","sticky":false,"template":"","format":"standard","meta":{"footnotes":""},"categories":[1],"tags":[],"class_list":["post-1923","post","type-post","status-publish","format-standard","has-post-thumbnail","hentry","category-non-classe"],"blocksy_meta":[],"featured_image_urls":{"full":["https:\/\/bainsdenergies.fr\/wp-content\/uploads\/2025\/10\/IMG_8267-scaled.jpeg",2560,1920,false],"thumbnail":["https:\/\/bainsdenergies.fr\/wp-content\/uploads\/2025\/10\/IMG_8267-150x150.jpeg",150,150,true],"medium":["https:\/\/bainsdenergies.fr\/wp-content\/uploads\/2025\/10\/IMG_8267-300x225.jpeg",300,225,true],"medium_large":["https:\/\/bainsdenergies.fr\/wp-content\/uploads\/2025\/10\/IMG_8267-768x576.jpeg",768,576,true],"large":["https:\/\/bainsdenergies.fr\/wp-content\/uploads\/2025\/10\/IMG_8267-1024x768.jpeg",1024,768,true],"1536x1536":["https:\/\/bainsdenergies.fr\/wp-content\/uploads\/2025\/10\/IMG_8267-1536x1152.jpeg",1536,1152,true],"2048x2048":["https:\/\/bainsdenergies.fr\/wp-content\/uploads\/2025\/10\/IMG_8267-2048x1536.jpeg",2048,1536,true]},"post_excerpt_stackable":"<p>Elle a bien avanc\u00e9 ! Venez voir vous-m\u00eames dimanche 19 octobre. Vous pourrez aussi oeuvrer sur le pavage du lavoir, la dalle de l&rsquo;abri \u00e0 v\u00e9lo ou l&rsquo;entretien du verger&#8230; Repas partag\u00e9 au soleil !<\/p>\n","category_list":"<a href=\"https:\/\/bainsdenergies.fr\/index.php\/category\/non-classe\/\" rel=\"category tag\">Non class\u00e9<\/a>","author_info":{"name":"admin2024","url":"https:\/\/bainsdenergies.fr\/index.php\/author\/admin2024\/"},"comments_num":"0 commentaire","_links":{"self":[{"href":"https:\/\/bainsdenergies.fr\/index.php\/wp-json\/wp\/v2\/posts\/1923","targetHints":{"allow":["GET"]}}],"collection":[{"href":"https:\/\/bainsdenergies.fr\/index.php\/wp-json\/wp\/v2\/posts"}],"about":[{"href":"https:\/\/bainsdenergies.fr\/index.php\/wp-json\/wp\/v2\/types\/post"}],"author":[{"embeddable":true,"href":"https:\/\/bainsdenergies.fr\/index.php\/wp-json\/wp\/v2\/users\/1"}],"replies":[{"embeddable":true,"href":"https:\/\/bainsdenergies.fr\/index.php\/wp-json\/wp\/v2\/comments?post=1923"}],"version-history":[{"count":1,"href":"https:\/\/bainsdenergies.fr\/index.php\/wp-json\/wp\/v2\/posts\/1923\/revisions"}],"predecessor-version":[{"id":1925,"href":"https:\/\/bainsdenergies.fr\/index.php\/wp-json\/wp\/v2\/posts\/1923\/revisions\/1925"}],"wp:featuredmedia":[{"embeddable":true,"href":"https:\/\/bainsdenergies.fr\/index.php\/wp-json\/wp\/v2\/media\/1924"}],"wp:attachment":[{"href":"https:\/\/bainsdenergies.fr\/index.php\/wp-json\/wp\/v2\/media?parent=1923"}],"wp:term":[{"taxonomy":"category","embeddable":true,"href":"https:\/\/bainsdenergies.fr\/index.php\/wp-json\/wp\/v2\/categories?post=1923"},{"taxonomy":"post_tag","embeddable":true,"href":"https:\/\/bainsdenergies.fr\/index.php\/wp-json\/wp\/v2\/tags?post=1923"}],"curies":[{"name":"wp","href":"https:\/\/api.w.org\/{rel}","templated":true}]}}