{"id":1913,"date":"2025-06-12T10:43:18","date_gmt":"2025-06-12T08:43:18","guid":{"rendered":"http:\/\/bainsdenergies.fr\/?p=1913"},"modified":"2025-06-12T10:47:43","modified_gmt":"2025-06-12T08:47:43","slug":"prochaines-journees-travaux","status":"publish","type":"post","link":"https:\/\/bainsdenergies.fr\/index.php\/2025\/06\/12\/prochaines-journees-travaux\/","title":{"rendered":"Prochaines journ\u00e9es travaux"},"content":{"rendered":"\n<p>15\/06 &#8211; 6\/07 &#8211; 17\/08 &#8211;<\/p>\n\n\n\n<p>En plus de tous les jeudis (\u00e0 partir de 9 h), les prochaines dates des journ\u00e9es travaux sont les suivantes : dimanche 15 juin (oui, c&rsquo;est d\u00e9j\u00e0 dimanche prochain !), dimanche 6 juillet et dimanche 17 ao\u00fbt.<\/p>\n\n\n\n<p>N&rsquo;h\u00e9sitez pas \u00e0 nous rejoindre ! <\/p>\n\n\n\n<p>Tout le monde peut participer, \u00e0 l&rsquo;int\u00e9rieur ou \u00e0 l&rsquo;ext\u00e9rieur, de l&rsquo;entretien des vergers \u00e0 la construction de la kerterre, il y a toujours quelque chose \u00e0 faire.<\/p>\n","protected":false},"excerpt":{"rendered":"<p>15\/06 &#8211; 6\/07 &#8211; 17\/08 &#8211; En plus de tous les jeudis (\u00e0 partir de 9 h), les prochaines dates des journ\u00e9es travaux sont les suivantes : dimanche 15 juin (oui, c&rsquo;est d\u00e9j\u00e0 dimanche prochain !), dimanche 6 juillet et dimanche 17 ao\u00fbt. N&rsquo;h\u00e9sitez pas \u00e0 nous rejoindre ! Tout le monde peut participer, \u00e0 [&hellip;]<\/p>\n","protected":false},"author":1,"featured_media":1875,"comment_status":"open","ping_status":"open","sticky":false,"template":"","format":"standard","meta":{"footnotes":""},"categories":[1],"tags":[],"class_list":["post-1913","post","type-post","status-publish","format-standard","has-post-thumbnail","hentry","category-non-classe"],"blocksy_meta":[],"featured_image_urls":{"full":["https:\/\/bainsdenergies.fr\/wp-content\/uploads\/2025\/02\/480771113_1172830984847321_4358201807675876807_n.jpg",2048,1536,false],"thumbnail":["https:\/\/bainsdenergies.fr\/wp-content\/uploads\/2025\/02\/480771113_1172830984847321_4358201807675876807_n-150x150.jpg",150,150,true],"medium":["https:\/\/bainsdenergies.fr\/wp-content\/uploads\/2025\/02\/480771113_1172830984847321_4358201807675876807_n-300x225.jpg",300,225,true],"medium_large":["https:\/\/bainsdenergies.fr\/wp-content\/uploads\/2025\/02\/480771113_1172830984847321_4358201807675876807_n-768x576.jpg",768,576,true],"large":["https:\/\/bainsdenergies.fr\/wp-content\/uploads\/2025\/02\/480771113_1172830984847321_4358201807675876807_n-1024x768.jpg",1024,768,true],"1536x1536":["https:\/\/bainsdenergies.fr\/wp-content\/uploads\/2025\/02\/480771113_1172830984847321_4358201807675876807_n-1536x1152.jpg",1536,1152,true],"2048x2048":["https:\/\/bainsdenergies.fr\/wp-content\/uploads\/2025\/02\/480771113_1172830984847321_4358201807675876807_n.jpg",2048,1536,false]},"post_excerpt_stackable":"<p>15\/06 &#8211; 6\/07 &#8211; 17\/08 &#8211; En plus de tous les jeudis (\u00e0 partir de 9 h), les prochaines dates des journ\u00e9es travaux sont les suivantes : dimanche 15 juin (oui, c&rsquo;est d\u00e9j\u00e0 dimanche prochain !), dimanche 6 juillet et dimanche 17 ao\u00fbt. N&rsquo;h\u00e9sitez pas \u00e0 nous rejoindre ! Tout le monde peut participer, \u00e0 l&rsquo;int\u00e9rieur ou \u00e0 l&rsquo;ext\u00e9rieur, de l&rsquo;entretien des vergers \u00e0 la construction de la kerterre, il y a toujours quelque chose \u00e0 faire.<\/p>\n","category_list":"<a href=\"https:\/\/bainsdenergies.fr\/index.php\/category\/non-classe\/\" rel=\"category tag\">Non class\u00e9<\/a>","author_info":{"name":"admin2024","url":"https:\/\/bainsdenergies.fr\/index.php\/author\/admin2024\/"},"comments_num":"0 commentaire","_links":{"self":[{"href":"https:\/\/bainsdenergies.fr\/index.php\/wp-json\/wp\/v2\/posts\/1913","targetHints":{"allow":["GET"]}}],"collection":[{"href":"https:\/\/bainsdenergies.fr\/index.php\/wp-json\/wp\/v2\/posts"}],"about":[{"href":"https:\/\/bainsdenergies.fr\/index.php\/wp-json\/wp\/v2\/types\/post"}],"author":[{"embeddable":true,"href":"https:\/\/bainsdenergies.fr\/index.php\/wp-json\/wp\/v2\/users\/1"}],"replies":[{"embeddable":true,"href":"https:\/\/bainsdenergies.fr\/index.php\/wp-json\/wp\/v2\/comments?post=1913"}],"version-history":[{"count":4,"href":"https:\/\/bainsdenergies.fr\/index.php\/wp-json\/wp\/v2\/posts\/1913\/revisions"}],"predecessor-version":[{"id":1918,"href":"https:\/\/bainsdenergies.fr\/index.php\/wp-json\/wp\/v2\/posts\/1913\/revisions\/1918"}],"wp:featuredmedia":[{"embeddable":true,"href":"https:\/\/bainsdenergies.fr\/index.php\/wp-json\/wp\/v2\/media\/1875"}],"wp:attachment":[{"href":"https:\/\/bainsdenergies.fr\/index.php\/wp-json\/wp\/v2\/media?parent=1913"}],"wp:term":[{"taxonomy":"category","embeddable":true,"href":"https:\/\/bainsdenergies.fr\/index.php\/wp-json\/wp\/v2\/categories?post=1913"},{"taxonomy":"post_tag","embeddable":true,"href":"https:\/\/bainsdenergies.fr\/index.php\/wp-json\/wp\/v2\/tags?post=1913"}],"curies":[{"name":"wp","href":"https:\/\/api.w.org\/{rel}","templated":true}]}}