{"id":1848,"date":"2025-02-06T13:43:55","date_gmt":"2025-02-06T12:43:55","guid":{"rendered":"http:\/\/bainsdenergies.fr\/?p=1848"},"modified":"2025-02-06T13:43:55","modified_gmt":"2025-02-06T12:43:55","slug":"voeux-2025","status":"publish","type":"post","link":"https:\/\/bainsdenergies.fr\/index.php\/2025\/02\/06\/voeux-2025\/","title":{"rendered":"Voeux 2025"},"content":{"rendered":"\n<p>Bonjour \u00e0 toutes et tous,<\/p>\n\n\n\n<p>il est encore temps de vous adresser, au nom du conseil coop\u00e9ratif, nos meilleurs v\u0153ux de bonne sant\u00e9 et de joie partag\u00e9e pour cette nouvelle ann\u00e9e qui d\u00e9bute.<\/p>\n\n\n\n<p>Pour la SCIC, cette ann\u00e9e a bien commenc\u00e9 le 14 janvier avec le visionnage aux cin\u00e9s Palace d&rsquo;Epinal, du reportage&nbsp;tourn\u00e9&nbsp;lors de l&rsquo;\u00e9t\u00e9 2024. Dans le cadre de la s\u00e9rie cap sur les oasis,&nbsp;la coop\u00e9rative Oasis, avait pos\u00e9 ses cam\u00e9ras dans le Grand Est pour sa saison 3 (lien ci-dessous).<\/p>\n\n\n\n<figure class=\"wp-block-embed is-type-wp-embed is-provider-coop-rative-oasis wp-block-embed-coop-rative-oasis\"><div class=\"wp-block-embed__wrapper\">\n<blockquote class=\"wp-embedded-content\" data-secret=\"vGEVuvJKMH\"><a href=\"https:\/\/cooperative-oasis.org\/ressources\/le-moulin-au-bois\/\">Le Moulin au bois<\/a><\/blockquote><iframe loading=\"lazy\" class=\"wp-embedded-content\" sandbox=\"allow-scripts\" security=\"restricted\" style=\"position: absolute; visibility: hidden;\" title=\"\u00ab\u00a0Le Moulin au bois\u00a0\u00bb &#8212; Coop\u00e9rative Oasis\" src=\"https:\/\/cooperative-oasis.org\/ressources\/le-moulin-au-bois\/embed\/#?secret=6TxPZeWSqS#?secret=vGEVuvJKMH\" data-secret=\"vGEVuvJKMH\" width=\"600\" height=\"338\" frameborder=\"0\" marginwidth=\"0\" marginheight=\"0\" scrolling=\"no\"><\/iframe>\n<\/div><\/figure>\n\n\n\n<p>Elle a bien d\u00e9marr\u00e9 \u00e9galement par le d\u00e9p\u00f4t, le 28 janvier, de notre dossier de demande d&rsquo;autorisation environnementale, largement compl\u00e9t\u00e9 apr\u00e8s les remarques faites par l&rsquo;administration en ao\u00fbt 2023, suite au premier d\u00e9p\u00f4t d&rsquo;avril 2023. Soit une somme de pr\u00e8s de 1000 pages, que certains courageux parmi nous ont parcouru pour d\u00e9livrer un document le plus impeccable possible \u00e0 la Direction D\u00e9partementale des Territoires des Vosges. Qu&rsquo;ils en soient remerci\u00e9s.<\/p>\n\n\n\n<p>En pi\u00e8ce jointe, vous trouverez le planning pr\u00e9visionnel du projet \u00ab\u00a0Hydro\u00a0\u00bb int\u00e9gr\u00e9 au dossier : soyons optimistes !<\/p>\n\n\n\n<p>Terminons en vous rappelant deux \u00e9ch\u00e9ances :&nbsp;<\/p>\n\n\n\n<ul class=\"wp-block-list\">\n<li>notre\u00a0<strong>assembl\u00e9e g\u00e9n\u00e9rale le samedi 8 mars<\/strong>\u00a0\u00e0 Bains-les-Bains, \u00e0 14 h 30 au CAL.<\/li>\n\n\n\n<li>une\u00a0<strong>journ\u00e9e porte ouverte CLIMAXION, le dimanche 6 avril<\/strong>\u00a0o\u00f9 nous reproduirons la balade comment\u00e9e entre tr\u00e9filerie et Moulin-au-Bois.<\/li>\n<\/ul>\n\n\n\n<p>Au plaisir de vous y rencontrer<\/p>\n\n\n\n<p>Bien coop\u00e9rativement<\/p>\n\n\n\n<p>Pour le conseil coop\u00e9ratif<\/p>\n\n\n\n<p>Fr\u00e9d\u00e9ric LORRAIN&nbsp;<\/p>\n\n\n\n<figure class=\"wp-block-image size-full\"><img loading=\"lazy\" decoding=\"async\" width=\"841\" height=\"595\" src=\"http:\/\/bainsdenergies.fr\/wp-content\/uploads\/2025\/02\/Hydro.jpg\" alt=\"\" class=\"wp-image-1849\" srcset=\"https:\/\/bainsdenergies.fr\/wp-content\/uploads\/2025\/02\/Hydro.jpg 841w, https:\/\/bainsdenergies.fr\/wp-content\/uploads\/2025\/02\/Hydro-300x212.jpg 300w, https:\/\/bainsdenergies.fr\/wp-content\/uploads\/2025\/02\/Hydro-768x543.jpg 768w\" sizes=\"auto, (max-width: 841px) 100vw, 841px\" \/><\/figure>\n","protected":false},"excerpt":{"rendered":"<p>Bonjour \u00e0 toutes et tous, il est encore temps de vous adresser, au nom du conseil coop\u00e9ratif, nos meilleurs v\u0153ux de bonne sant\u00e9 et de joie partag\u00e9e pour cette nouvelle ann\u00e9e qui d\u00e9bute. Pour la SCIC, cette ann\u00e9e a bien commenc\u00e9 le 14 janvier avec le visionnage aux cin\u00e9s Palace d&rsquo;Epinal, du reportage&nbsp;tourn\u00e9&nbsp;lors de l&rsquo;\u00e9t\u00e9 [&hellip;]<\/p>\n","protected":false},"author":1,"featured_media":1849,"comment_status":"open","ping_status":"open","sticky":false,"template":"","format":"standard","meta":{"footnotes":""},"categories":[1],"tags":[],"class_list":["post-1848","post","type-post","status-publish","format-standard","has-post-thumbnail","hentry","category-non-classe"],"blocksy_meta":[],"featured_image_urls":{"full":["https:\/\/bainsdenergies.fr\/wp-content\/uploads\/2025\/02\/Hydro.jpg",841,595,false],"thumbnail":["https:\/\/bainsdenergies.fr\/wp-content\/uploads\/2025\/02\/Hydro-150x150.jpg",150,150,true],"medium":["https:\/\/bainsdenergies.fr\/wp-content\/uploads\/2025\/02\/Hydro-300x212.jpg",300,212,true],"medium_large":["https:\/\/bainsdenergies.fr\/wp-content\/uploads\/2025\/02\/Hydro-768x543.jpg",768,543,true],"large":["https:\/\/bainsdenergies.fr\/wp-content\/uploads\/2025\/02\/Hydro.jpg",841,595,false],"1536x1536":["https:\/\/bainsdenergies.fr\/wp-content\/uploads\/2025\/02\/Hydro.jpg",841,595,false],"2048x2048":["https:\/\/bainsdenergies.fr\/wp-content\/uploads\/2025\/02\/Hydro.jpg",841,595,false]},"post_excerpt_stackable":"<p>Bonjour \u00e0 toutes et tous, il est encore temps de vous adresser, au nom du conseil coop\u00e9ratif, nos meilleurs v\u0153ux de bonne sant\u00e9 et de joie partag\u00e9e pour cette nouvelle ann\u00e9e qui d\u00e9bute. Pour la SCIC, cette ann\u00e9e a bien commenc\u00e9 le 14 janvier avec le visionnage aux cin\u00e9s Palace d&rsquo;Epinal, du reportage&nbsp;tourn\u00e9&nbsp;lors de l&rsquo;\u00e9t\u00e9 2024. Dans le cadre de la s\u00e9rie cap sur les oasis,&nbsp;la coop\u00e9rative Oasis, avait pos\u00e9 ses cam\u00e9ras dans le Grand Est pour sa saison 3 (lien ci-dessous). Le Moulin au bois Elle a bien d\u00e9marr\u00e9 \u00e9galement par le d\u00e9p\u00f4t, le 28 janvier, de notre dossier\u2026<\/p>\n","category_list":"<a href=\"https:\/\/bainsdenergies.fr\/index.php\/category\/non-classe\/\" rel=\"category tag\">Non class\u00e9<\/a>","author_info":{"name":"admin2024","url":"https:\/\/bainsdenergies.fr\/index.php\/author\/admin2024\/"},"comments_num":"0 commentaire","_links":{"self":[{"href":"https:\/\/bainsdenergies.fr\/index.php\/wp-json\/wp\/v2\/posts\/1848","targetHints":{"allow":["GET"]}}],"collection":[{"href":"https:\/\/bainsdenergies.fr\/index.php\/wp-json\/wp\/v2\/posts"}],"about":[{"href":"https:\/\/bainsdenergies.fr\/index.php\/wp-json\/wp\/v2\/types\/post"}],"author":[{"embeddable":true,"href":"https:\/\/bainsdenergies.fr\/index.php\/wp-json\/wp\/v2\/users\/1"}],"replies":[{"embeddable":true,"href":"https:\/\/bainsdenergies.fr\/index.php\/wp-json\/wp\/v2\/comments?post=1848"}],"version-history":[{"count":1,"href":"https:\/\/bainsdenergies.fr\/index.php\/wp-json\/wp\/v2\/posts\/1848\/revisions"}],"predecessor-version":[{"id":1850,"href":"https:\/\/bainsdenergies.fr\/index.php\/wp-json\/wp\/v2\/posts\/1848\/revisions\/1850"}],"wp:featuredmedia":[{"embeddable":true,"href":"https:\/\/bainsdenergies.fr\/index.php\/wp-json\/wp\/v2\/media\/1849"}],"wp:attachment":[{"href":"https:\/\/bainsdenergies.fr\/index.php\/wp-json\/wp\/v2\/media?parent=1848"}],"wp:term":[{"taxonomy":"category","embeddable":true,"href":"https:\/\/bainsdenergies.fr\/index.php\/wp-json\/wp\/v2\/categories?post=1848"},{"taxonomy":"post_tag","embeddable":true,"href":"https:\/\/bainsdenergies.fr\/index.php\/wp-json\/wp\/v2\/tags?post=1848"}],"curies":[{"name":"wp","href":"https:\/\/api.w.org\/{rel}","templated":true}]}}