{"id":1791,"date":"2024-09-16T21:23:44","date_gmt":"2024-09-16T19:23:44","guid":{"rendered":"http:\/\/bainsdenergies.fr\/?p=1791"},"modified":"2024-09-16T21:24:49","modified_gmt":"2024-09-16T19:24:49","slug":"travaux-travaux-et-travaux","status":"publish","type":"post","link":"https:\/\/bainsdenergies.fr\/index.php\/2024\/09\/16\/travaux-travaux-et-travaux\/","title":{"rendered":"Travaux, travaux&#8230; et travaux !"},"content":{"rendered":"\n<p><strong>Compte rendu commission travaux 09\/2024<\/strong>.<\/p>\n\n\n\n<p>Apr\u00e8s concertation avec Jean-Luc, je vous fais part d&rsquo;une \u00e9bauche du d\u00e9roul\u00e9 des \u00e9ventuels prochains travaux. J&rsquo;ai personnellement rajout\u00e9 certaines choses qui ne m&rsquo;\u00e9taient pas venues \u00e0 l&rsquo;esprit sur le moment, ainsi que de nouvelles informations m\u2019\u00e9tant parvenues en aval.<\/p>\n\n\n\n<p><strong>Rien n&rsquo;est fig\u00e9<\/strong>, il faut bien \u00e9videmment en discuter collectivement ; je rappelle cependant que la commission travaux n&rsquo;est actuellement compos\u00e9e que de Jean-Luc et moi-m\u00eame. Nous avons donc les pleins pouvoirs!! Non, je plaisante bien s\u00fbr. N\u2019emp\u00eache que si nous voulons avancer concr\u00e8tement, les d\u00e9cisions doivent \u00eatre prises en concertation donc il faut que des membres rejoignent la commission. J&rsquo;esp\u00e8re vivement que nous serons rejoints rapidement par d&rsquo;autres comparses, physiquement ou moralement.<\/p>\n\n\n\n<p>Dans l&rsquo;id\u00e9al, il nous faudrait valider <strong>une liste d\u00e9finitive<\/strong>, histoire d&rsquo;avoir de la visibilit\u00e9, mais surtout \u00e9tablir <strong>un calendrier<\/strong> sur l&rsquo;ann\u00e9e, avec <strong>des dates butoirs<\/strong> et <strong>nous y tenir<\/strong>. Vu l&rsquo;ampleur de la t\u00e2che, il est \u00e9vident qu&rsquo;une certaine rigueur nous permettra d&rsquo;avancer plus concr\u00e8tement sur la r\u00e9habilitation et le d\u00e9veloppement du site et de ses activit\u00e9s diverses.<\/p>\n\n\n\n<p><br>Nous pouvons \u00e9tablir plusieurs axes de travaux :<\/p>\n\n\n\n<p><strong>AXE N\u00b0 1. Les travaux li\u00e9s au d\u00e9veloppement \u00e9conomique de l&rsquo;association<\/strong>&nbsp;&nbsp;<\/p>\n\n\n\n<p><strong>AXE N\u00b0 2. Les travaux concernant la mise aux normes pour l&rsquo;accueil de public<\/strong>&nbsp;&nbsp;<\/p>\n\n\n\n<p><strong>AXE N\u00b0 3. Les travaux d&rsquo;entretien courants et fonctionnels<\/strong><\/p>\n\n\n\n<p>Il nous semble \u00e9vident de commencer par <strong>les travaux en cours \u00e0 terminer et par ordre de priorit\u00e9<\/strong> :<\/p>\n\n\n\n<p>Concernant l<strong>&lsquo;AXE N\u00b0 1<\/strong>:<\/p>\n\n\n\n<p>&#8211; terminer l&rsquo;am\u00e9nagement du logement B. Une liste du mat\u00e9riel manquant a \u00e9t\u00e9 \u00e9tablie (mat\u00e9riaux, meubles et fournitures diverses).<\/p>\n\n\n\n<p>&#8211; terminer la chambre d&rsquo;accueil cyclistes (la saison estivale arrive \u00e0 son terme et il serait non n\u00e9gligeable de pouvoir louer pendant l&rsquo;arri\u00e8re-saison jusque fin octobre).<\/p>\n\n\n\n<p>&#8211; terminer le bureau SCIC et l&rsquo;am\u00e9nager. (c\u2019est un bureau partag\u00e9 avec l\u2019association et notamment futur lieu de travail de Marie-Laure, salari\u00e9e de l&rsquo;association)<br><\/p>\n\n\n\n<p>Concernant l&rsquo;<strong>AXE N\u00b0 2<\/strong><\/p>\n\n\n\n<p>&#8211; r\u00e9novation et cr\u00e9ation des garde-corps et de la signal\u00e9tique aux abords du Bagnerot<\/p>\n\n\n\n<p>&#8211; fixation des fen\u00eatres du \u00ab\u00a0resto\u00a0\u00bb<\/p>\n\n\n\n<p>&#8211; condamnation des ouvertures du \u00ab\u00a0resto\u00a0\u00bb<\/p>\n\n\n\n<p>&#8211; toilettes s\u00e8ches PMR ext\u00e9rieures. La r\u00e9glementation nous impose des toilettes avec des dimensions bien sp\u00e9cifiques et un am\u00e9nagement particulier, ainsi qu&rsquo;une gestion du compost bien pr\u00e9cise : loin d&rsquo;un cours d&rsquo;eau et couvert. Il suffit de fabriquer 2 bacs hors d&rsquo;eau et le tour est jou\u00e9. A nous de d\u00e9finir l&#8217;emplacement.<\/p>\n\n\n\n<p>&#8211; r\u00e9novation de la cacaravane<\/p>\n\n\n\n<p>Concernant l&rsquo;<strong>AXE N\u00b0 3<\/strong><\/p>\n\n\n\n<p>&#8211; remettre en fonction le po\u00eale \u00e0 granul\u00e9s (l\u2019hiver vient\u2026..)<\/p>\n\n\n\n<p>&#8211; terminer le lavoir (je sais qu&rsquo;il est difficile de trouver les pierres ad\u00e9quates)<\/p>\n\n\n\n<p>&#8211; finir l&rsquo;am\u00e9nagement de l&rsquo;atelier : boucher les ouvertures des fen\u00eatres, faire le tableau mural de rangement des outils, organiser le rangement des \u00e9tag\u00e8res (affichage, num\u00e9rotation ou autre syst\u00e8me de classement des divers mat\u00e9riaux &#8211; toutes les id\u00e9es sont bienvenues)<\/p>\n\n\n\n<p>&#8211; r\u00e9soudre le probl\u00e8me d&rsquo;\u00e9vacuation des eaux pluviales des ateliers (\u00e0 chaque pluie torrentielle, ils se retrouvent inond\u00e9s)<\/p>\n\n\n\n<p>&#8211; la gestion du stockage de bois dans le magasin. Il nous para\u00eet judicieux de continuer \u00e0 d\u00e9biter tout le bois de r\u00e9cup car \u00e7a d\u00e9borde&#8230; mais qui dit d\u00e9bit dit stockage. Lib\u00e9rer cette partie du magasin pour d&rsquo;autres besoins (un futur artisan par exemple) est \u00e0 prendre en compte. Il \u00e9tait question de fabriquer un abri sur la dalle pr\u00e8s du magasin comme lieu de stockage. Gr\u00e2ce \u00e0 la scie mobile nous sommes en capacit\u00e9 de le mettre en oeuvre .Il serait d&rsquo;ailleurs judicieux de cr\u00e9er \u00e9galement un abri pour cette scie, qui, malgr\u00e9 les b\u00e2ches qui la prot\u00e8gent, doit souffrir des intemp\u00e9ries.; il faut en amont alimenter cette scie, ce qui d\u00e9coule sur la partie \u00ab\u00a0armoire \u00e9lectrique\u00a0\u00bb que je dois r\u00e9aliser dans le futur local technique (logement 2), Fred D vient de nous fournir le mat\u00e9riel.&nbsp;<\/p>\n\n\n\n<p>&#8211; mise en \u0153uvre de l&rsquo;armoire \u00e9lectrique cit\u00e9e pr\u00e9c\u00e9demment<\/p>\n\n\n\n<p>&#8211; la gestion de nos ch\u00e8vres. Nous envisageons clairement de nous s\u00e9parer de nos ch\u00e8vres pour plusieurs raisons :<\/p>\n\n\n\n<p>1. Les parcs \u00e0 moutons mobiles en notre possession ne sont pas du tout adapt\u00e9s de par leur hauteur. M\u00eame en les \u00e9lectrifiant, les ch\u00e8vres fuguent r\u00e9guli\u00e8rement et cela devient chronophage et \u00e9puisant de courir apr\u00e8s.&nbsp;<\/p>\n\n\n\n<p>2. Cela repr\u00e9sente un co\u00fbt financier \u00e0 notre charge (nourriture l&rsquo;hiver, soins v\u00e9t\u00e9rinaires). Je n&rsquo;inclus pas l&rsquo;achat de la paille que nous valorisons en apport pour le jardin.<\/p>\n\n\n\n<p>3. Le d\u00e9frichage de nombreuses zones ces derni\u00e8res ann\u00e9es est tr\u00e8s concluant (gestion des ronces et de la renou\u00e9e du Japon en particulier). M\u00eame s&rsquo;il reste certaines zones \u00e0 traiter, si cela est effectu\u00e9 manuellement et \u00e0 des p\u00e9riodes favorables, cela reste g\u00e9rable.<\/p>\n\n\n\n<p>Nous avions \u00e9voqu\u00e9 la pose de parcs non mobiles, mais Fred D n&rsquo;y est pas favorable ce que nous comprenons. Sans parler de parcs fixes (poteaux et grillages), une solution interm\u00e9diaire peut \u00eatre envisag\u00e9e : pose de piquets d&rsquo;acacia avec passage de fils \u00e9lectriques amovibles en prolongement des haies s\u00e8ches c\u00f4t\u00e9 verger par exemple en prenant soin de bien prot\u00e9ger les fruitiers bien \u00e9videmment. \u00c0 discuter en collectif.<\/p>\n\n\n\n<p>&#8211; la cabane d&rsquo;accueil. Alors il est vrai que nous avons pris possession de cette cabane pour abriter les ch\u00e8vres. Plus de ch\u00e8vres = cabane libre d&rsquo;\u00eatre termin\u00e9e. Je soul\u00e8ve tout de m\u00eame un avis qui m&rsquo;est propre, je trouve que l&#8217;emploi de bois de r\u00e9cup \u00e0 moiti\u00e9 pourri ne la met pas du tout en valeur en tant que zone d&rsquo;accueil. Pas tr\u00e8s vendeur visuellement \u00e0 mon go\u00fbt. J&rsquo;attends vos avis.<\/p>\n\n\n\n<p>J&rsquo;en conviens, cela repr\u00e9sente \u00e9norm\u00e9ment d&rsquo;\u00e9nergie et de temps, mais cette liste est une \u00e9bauche et je pense un bon point de d\u00e9part pour \u00e9tablir un nouveau carnet de route pour nos futures actions.&nbsp;<br><\/p>\n\n\n\n<ul class=\"wp-block-list\">\n<li>J&rsquo;en profite pour glisser une question au collectif concernant une \u00e9ventuelle zone d\u00e9di\u00e9e aux v\u00e9los. En amont de l&rsquo;Alternatiba Tour, j&rsquo;avais am\u00e9nag\u00e9 des racks permettant de stocker des v\u00e9los dans l&rsquo;atelier \u00ab\u00a0porte en bois\u00a0\u00bb, pour que les cyclistes puissent mettre leur v\u00e9los \u00e0 l&rsquo;abri ; anticipant \u00e9galement les futurs accueils cyclistes sur le site.<\/li>\n<\/ul>\n\n\n\n<p>Ma demande est la suivante : pouvons nous y stocker nos v\u00e9los perso ainsi que d&rsquo;autres bicyclettes de \u00ab\u00a0r\u00e9cup\u00a0\u00bb en notre possession et d\u00e9di\u00e9es au collectif. Nos v\u00e9los sont actuellement rang\u00e9s au rez-de-chauss\u00e9e du logement n\u00b0 2 qui va devenir le local technique et qu&rsquo;il faut par cons\u00e9quent lib\u00e9rer.<br><\/p>\n\n\n\n<p>Merci pour votre lecture. J&rsquo;esp\u00e8re ne pas avoir \u00e9t\u00e9 trop long. A bient\u00f4t!&nbsp;<\/p>\n\n\n\n<p>Stef du Moulin Au Bois.<br><\/p>\n\n\n\n<p><strong>Prochaines journ\u00e9es travaux.<\/strong><\/p>\n\n\n\n<p>Jean-luc propose les dates suivantes :&nbsp;<\/p>\n\n\n\n<p>&#8211; samedi 21 septembre,&nbsp;<\/p>\n\n\n\n<p>&#8211; samedi 19 octobre,<\/p>\n\n\n\n<p>&#8211; dimanche 17 novembre,<\/p>\n\n\n\n<p>&#8211; samedi 25 janvier,<\/p>\n\n\n\n<p>&#8211; dimanche 23 f\u00e9vrier.<\/p>\n","protected":false},"excerpt":{"rendered":"<p>Compte rendu commission travaux 09\/2024. Apr\u00e8s concertation avec Jean-Luc, je vous fais part d&rsquo;une \u00e9bauche du d\u00e9roul\u00e9 des \u00e9ventuels prochains travaux. J&rsquo;ai personnellement rajout\u00e9 certaines choses qui ne m&rsquo;\u00e9taient pas venues \u00e0 l&rsquo;esprit sur le moment, ainsi que de nouvelles informations m\u2019\u00e9tant parvenues en aval. Rien n&rsquo;est fig\u00e9, il faut bien \u00e9videmment en discuter collectivement [&hellip;]<\/p>\n","protected":false},"author":1,"featured_media":1794,"comment_status":"open","ping_status":"open","sticky":false,"template":"","format":"standard","meta":{"footnotes":""},"categories":[1],"tags":[],"class_list":["post-1791","post","type-post","status-publish","format-standard","has-post-thumbnail","hentry","category-non-classe"],"blocksy_meta":[],"featured_image_urls":{"full":["https:\/\/bainsdenergies.fr\/wp-content\/uploads\/2024\/09\/IMG_2011-scaled.jpg",1920,2560,false],"thumbnail":["https:\/\/bainsdenergies.fr\/wp-content\/uploads\/2024\/09\/IMG_2011-150x150.jpg",150,150,true],"medium":["https:\/\/bainsdenergies.fr\/wp-content\/uploads\/2024\/09\/IMG_2011-225x300.jpg",225,300,true],"medium_large":["https:\/\/bainsdenergies.fr\/wp-content\/uploads\/2024\/09\/IMG_2011-768x1024.jpg",768,1024,true],"large":["https:\/\/bainsdenergies.fr\/wp-content\/uploads\/2024\/09\/IMG_2011-768x1024.jpg",768,1024,true],"1536x1536":["https:\/\/bainsdenergies.fr\/wp-content\/uploads\/2024\/09\/IMG_2011-1152x1536.jpg",1152,1536,true],"2048x2048":["https:\/\/bainsdenergies.fr\/wp-content\/uploads\/2024\/09\/IMG_2011-1536x2048.jpg",1536,2048,true]},"post_excerpt_stackable":"<p>Compte rendu commission travaux 09\/2024. Apr\u00e8s concertation avec Jean-Luc, je vous fais part d&rsquo;une \u00e9bauche du d\u00e9roul\u00e9 des \u00e9ventuels prochains travaux. J&rsquo;ai personnellement rajout\u00e9 certaines choses qui ne m&rsquo;\u00e9taient pas venues \u00e0 l&rsquo;esprit sur le moment, ainsi que de nouvelles informations m\u2019\u00e9tant parvenues en aval. Rien n&rsquo;est fig\u00e9, il faut bien \u00e9videmment en discuter collectivement ; je rappelle cependant que la commission travaux n&rsquo;est actuellement compos\u00e9e que de Jean-Luc et moi-m\u00eame. Nous avons donc les pleins pouvoirs!! Non, je plaisante bien s\u00fbr. N\u2019emp\u00eache que si nous voulons avancer concr\u00e8tement, les d\u00e9cisions doivent \u00eatre prises en concertation donc il faut que\u2026<\/p>\n","category_list":"<a href=\"https:\/\/bainsdenergies.fr\/index.php\/category\/non-classe\/\" rel=\"category tag\">Non class\u00e9<\/a>","author_info":{"name":"admin2024","url":"https:\/\/bainsdenergies.fr\/index.php\/author\/admin2024\/"},"comments_num":"0 commentaire","_links":{"self":[{"href":"https:\/\/bainsdenergies.fr\/index.php\/wp-json\/wp\/v2\/posts\/1791","targetHints":{"allow":["GET"]}}],"collection":[{"href":"https:\/\/bainsdenergies.fr\/index.php\/wp-json\/wp\/v2\/posts"}],"about":[{"href":"https:\/\/bainsdenergies.fr\/index.php\/wp-json\/wp\/v2\/types\/post"}],"author":[{"embeddable":true,"href":"https:\/\/bainsdenergies.fr\/index.php\/wp-json\/wp\/v2\/users\/1"}],"replies":[{"embeddable":true,"href":"https:\/\/bainsdenergies.fr\/index.php\/wp-json\/wp\/v2\/comments?post=1791"}],"version-history":[{"count":2,"href":"https:\/\/bainsdenergies.fr\/index.php\/wp-json\/wp\/v2\/posts\/1791\/revisions"}],"predecessor-version":[{"id":1796,"href":"https:\/\/bainsdenergies.fr\/index.php\/wp-json\/wp\/v2\/posts\/1791\/revisions\/1796"}],"wp:featuredmedia":[{"embeddable":true,"href":"https:\/\/bainsdenergies.fr\/index.php\/wp-json\/wp\/v2\/media\/1794"}],"wp:attachment":[{"href":"https:\/\/bainsdenergies.fr\/index.php\/wp-json\/wp\/v2\/media?parent=1791"}],"wp:term":[{"taxonomy":"category","embeddable":true,"href":"https:\/\/bainsdenergies.fr\/index.php\/wp-json\/wp\/v2\/categories?post=1791"},{"taxonomy":"post_tag","embeddable":true,"href":"https:\/\/bainsdenergies.fr\/index.php\/wp-json\/wp\/v2\/tags?post=1791"}],"curies":[{"name":"wp","href":"https:\/\/api.w.org\/{rel}","templated":true}]}}