{"id":1533,"date":"2024-03-24T08:19:00","date_gmt":"2024-03-24T07:19:00","guid":{"rendered":"http:\/\/bainsdenergies.fr\/?p=1533"},"modified":"2024-04-09T13:27:51","modified_gmt":"2024-04-09T11:27:51","slug":"energie-mix","status":"publish","type":"post","link":"https:\/\/bainsdenergies.fr\/index.php\/2024\/03\/24\/energie-mix\/","title":{"rendered":"Energie Mix"},"content":{"rendered":"\n<div class=\"wp-block-stackable-heading stk-block-heading stk-block-heading--v2 stk-block stk-2109c9f\" id=\"lenergie-est-notre-avenir-debattons-en\" data-block-id=\"2109c9f\"><h4 class=\"stk-block-heading__text\">L&rsquo;\u00e9nergie est notre avenir : d\u00e9battons-en.<\/h4><\/div>\n\n\n\n<p>En moins de 3 heures, comprenez les enjeux et les choix \u00e0 faire maintenant pour une transition \u00e9nerg\u00e9tique r\u00e9ussie en 2050.<\/p>\n\n\n\n<figure class=\"wp-block-image size-full\"><img loading=\"lazy\" decoding=\"async\" width=\"724\" height=\"784\" src=\"http:\/\/bainsdenergies.fr\/wp-content\/uploads\/2024\/04\/Capture-decran-2024-04-09-a-13.23.56.png\" alt=\"\" class=\"wp-image-1535\" srcset=\"https:\/\/bainsdenergies.fr\/wp-content\/uploads\/2024\/04\/Capture-decran-2024-04-09-a-13.23.56.png 724w, https:\/\/bainsdenergies.fr\/wp-content\/uploads\/2024\/04\/Capture-decran-2024-04-09-a-13.23.56-277x300.png 277w\" sizes=\"auto, (max-width: 724px) 100vw, 724px\" \/><\/figure>\n\n\n\n<div class=\"wp-block-stackable-text stk-block-text stk-block stk-8133fc9\" data-block-id=\"8133fc9\"><p class=\"stk-block-text__text\">Une premi\u00e8re \u00e9dition a eu lieu au Moulin-au-Bois le samedi 20 janvier, elle a rassembl\u00e9 une quarantaine de personnes.<\/p><\/div>\n\n\n\n<div class=\"wp-block-stackable-text stk-block-text stk-block stk-98b0fba\" data-block-id=\"98b0fba\"><p class=\"stk-block-text__text\">Bains d&rsquo;\u00c9nergies est \u00e0 la disposition des collectifs (communes, associations&#8230;) pour organiser des sessions Energie Mix : devis sur demande.<\/p><\/div>\n","protected":false},"excerpt":{"rendered":"<p>L&rsquo;\u00e9nergie est notre avenir : d\u00e9battons-en. En moins de 3 heures, comprenez les enjeux et les choix \u00e0 faire maintenant pour une transition \u00e9nerg\u00e9tique r\u00e9ussie en 2050. Une premi\u00e8re \u00e9dition a eu lieu au Moulin-au-Bois le samedi 20 janvier, elle a rassembl\u00e9 une quarantaine de personnes. Bains d&rsquo;\u00c9nergies est \u00e0 la disposition des collectifs (communes, [&hellip;]<\/p>\n","protected":false},"author":1,"featured_media":1534,"comment_status":"open","ping_status":"open","sticky":false,"template":"","format":"standard","meta":{"footnotes":""},"categories":[12],"tags":[],"class_list":["post-1533","post","type-post","status-publish","format-standard","has-post-thumbnail","hentry","category-fondamentaux"],"blocksy_meta":[],"featured_image_urls":{"full":["https:\/\/bainsdenergies.fr\/wp-content\/uploads\/2024\/04\/Capture-decran-2024-04-09-a-13.22.19.png",726,306,false],"thumbnail":["https:\/\/bainsdenergies.fr\/wp-content\/uploads\/2024\/04\/Capture-decran-2024-04-09-a-13.22.19-150x150.png",150,150,true],"medium":["https:\/\/bainsdenergies.fr\/wp-content\/uploads\/2024\/04\/Capture-decran-2024-04-09-a-13.22.19-300x126.png",300,126,true],"medium_large":["https:\/\/bainsdenergies.fr\/wp-content\/uploads\/2024\/04\/Capture-decran-2024-04-09-a-13.22.19.png",726,306,false],"large":["https:\/\/bainsdenergies.fr\/wp-content\/uploads\/2024\/04\/Capture-decran-2024-04-09-a-13.22.19.png",726,306,false],"1536x1536":["https:\/\/bainsdenergies.fr\/wp-content\/uploads\/2024\/04\/Capture-decran-2024-04-09-a-13.22.19.png",726,306,false],"2048x2048":["https:\/\/bainsdenergies.fr\/wp-content\/uploads\/2024\/04\/Capture-decran-2024-04-09-a-13.22.19.png",726,306,false]},"post_excerpt_stackable":"<p>L&rsquo;\u00e9nergie est notre avenir : d\u00e9battons-en. En moins de 3 heures, comprenez les enjeux et les choix \u00e0 faire maintenant pour une transition \u00e9nerg\u00e9tique r\u00e9ussie en 2050. Une premi\u00e8re \u00e9dition a eu lieu au Moulin-au-Bois le samedi 20 janvier, elle a rassembl\u00e9 une quarantaine de personnes. Bains d&rsquo;\u00c9nergies est \u00e0 la disposition des collectifs (communes, associations&#8230;) pour organiser des sessions Energie Mix : devis sur demande.<\/p>\n","category_list":"<a href=\"https:\/\/bainsdenergies.fr\/index.php\/category\/fondamentaux\/\" rel=\"category tag\">Fondamentaux<\/a>","author_info":{"name":"admin2024","url":"https:\/\/bainsdenergies.fr\/index.php\/author\/admin2024\/"},"comments_num":"0 commentaire","_links":{"self":[{"href":"https:\/\/bainsdenergies.fr\/index.php\/wp-json\/wp\/v2\/posts\/1533","targetHints":{"allow":["GET"]}}],"collection":[{"href":"https:\/\/bainsdenergies.fr\/index.php\/wp-json\/wp\/v2\/posts"}],"about":[{"href":"https:\/\/bainsdenergies.fr\/index.php\/wp-json\/wp\/v2\/types\/post"}],"author":[{"embeddable":true,"href":"https:\/\/bainsdenergies.fr\/index.php\/wp-json\/wp\/v2\/users\/1"}],"replies":[{"embeddable":true,"href":"https:\/\/bainsdenergies.fr\/index.php\/wp-json\/wp\/v2\/comments?post=1533"}],"version-history":[{"count":1,"href":"https:\/\/bainsdenergies.fr\/index.php\/wp-json\/wp\/v2\/posts\/1533\/revisions"}],"predecessor-version":[{"id":1536,"href":"https:\/\/bainsdenergies.fr\/index.php\/wp-json\/wp\/v2\/posts\/1533\/revisions\/1536"}],"wp:featuredmedia":[{"embeddable":true,"href":"https:\/\/bainsdenergies.fr\/index.php\/wp-json\/wp\/v2\/media\/1534"}],"wp:attachment":[{"href":"https:\/\/bainsdenergies.fr\/index.php\/wp-json\/wp\/v2\/media?parent=1533"}],"wp:term":[{"taxonomy":"category","embeddable":true,"href":"https:\/\/bainsdenergies.fr\/index.php\/wp-json\/wp\/v2\/categories?post=1533"},{"taxonomy":"post_tag","embeddable":true,"href":"https:\/\/bainsdenergies.fr\/index.php\/wp-json\/wp\/v2\/tags?post=1533"}],"curies":[{"name":"wp","href":"https:\/\/api.w.org\/{rel}","templated":true}]}}